{"id":1119,"date":"2022-12-16T19:15:39","date_gmt":"2022-12-16T18:15:39","guid":{"rendered":"https:\/\/vilatransports.cat\/pall-ex-iberia-recibe-la-tercera-estrella-lean-green-tras-reducir-mas-de-un-35-sus-emisiones-de-co2\/"},"modified":"2022-12-16T19:20:03","modified_gmt":"2022-12-16T18:20:03","slug":"pall-ex-iberia-recibe-la-tercera-estrella-lean-green-tras-reducir-mas-de-un-35-sus-emisiones-de-co2","status":"publish","type":"post","link":"https:\/\/vilatransports.cat\/es\/pall-ex-iberia-recibe-la-tercera-estrella-lean-green-tras-reducir-mas-de-un-35-sus-emisiones-de-co2\/","title":{"rendered":"Pall-Ex Iberia recibe la tercera estrella Lean &amp; Green tras reducir m\u00e1s de un 35% sus emisiones de CO2"},"content":{"rendered":"\n<p>La tercera estrella Lean &amp; Green acredita una reducci\u00f3n de las emisiones de CO2 derivadas de la actividad de sus hubs log\u00edsticos en m\u00e1s de un 35% desde 2018.<br\/>Esta reducci\u00f3n se ha alcanzado gracias a la implementaci\u00f3n de un plan de acci\u00f3n focalizado en la eficiencia energ\u00e9tica y reducci\u00f3n del consumo<\/p>\n\n<p>Barcelona, 15 de noviembre de 2022.- Este 15 de noviembre, dentro de la 6\u00aa Jornada de Log\u00edstica Sostenible, en Madrid, Pall-Ex Iberia ha recibido la tercera estrella Lean &amp; Green como reconocimiento por parte de AECOC de la reducci\u00f3n de m\u00e1s del 35 % de las emisiones de CO2 que ha conseguido desde 2018, cuando present\u00f3 su plan de acci\u00f3n.<\/p>\n\n<p>Lean &amp; Green, la mayor plataforma europea de colaboraci\u00f3n enfocada a la reducci\u00f3n de las emisiones vinculadas con la cadena de suministro pretende contribuir con esta iniciativa a lograr los objetivos de emisiones neutras de carbono para el a\u00f1o 2050 que se definieron en la Cumbre del Clima en Par\u00eds.<\/p>\n\n<p>\u201cEn Pall-Ex Iberia trabajamos para conseguir que nuestras actividades en los hubs log\u00edsticos de la compa\u00f1\u00eda sean lo m\u00e1s eficientes y sostenibles posible, con acciones que respeten el medioambiente y que se puedan mantener en el tiempo, como la utilizaci\u00f3n de las energ\u00edas renovables o la apuesta por centros log\u00edsticos que dispongan de la m\u00e1xima eficiencia energ\u00e9tica\u201d, asegura Sergi Tom\u00e1s, director gerente de Pall-Ex Iberia.<\/p>\n\n<p><strong>Plan de acci\u00f3n de Pall-Ex Iberia para una log\u00edstica m\u00e1s sostenible.<\/strong><\/p>\n\n<p>Para alcanzar la reducci\u00f3n marcada por Lean &amp; Green para recibir la tercera estrella, Pall-Ex Iberia ha implementado un plan de acci\u00f3n en el que se incluyen distintas medidas orientadas a aumentar la eficiencia energ\u00e9tica y disminuir el consumo.<\/p>\n\n<p>Ha instalado placas fotovoltaicas y promovido el uso de energ\u00edas renovables en sus instalaciones y ha sustituido los combustibles f\u00f3siles por fuentes de energ\u00eda m\u00e1s limpias. El resultado obtenido con estos cambios se ha traducido en hubs log\u00edsticos m\u00e1s eficientes desde el punto de vista energ\u00e9tico.<\/p>\n\n<p>Asimismo, la empresa de distribuci\u00f3n expr\u00e9s de mercanc\u00eda paletizada ha hecho una transici\u00f3n de sus luminarias a luces LED y ha instalado equipos de manutenci\u00f3n m\u00e1s eficientes, tambi\u00e9n con el foco puesto en la eficiencia energ\u00e9tica.<\/p>\n","protected":false},"excerpt":{"rendered":"<p>La tercera estrella Lean &amp; Green acredita una reducci\u00f3n de las emisiones de CO2 derivadas de la actividad de sus hubs log\u00edsticos en m\u00e1s de un 35% desde 2018.<\/p>\n","protected":false},"author":1,"featured_media":1117,"comment_status":"closed","ping_status":"closed","sticky":false,"template":"","format":"standard","meta":{"footnotes":""},"categories":[10],"tags":[],"class_list":["post-1119","post","type-post","status-publish","format-standard","has-post-thumbnail","hentry","category-sin-categorizar"],"_links":{"self":[{"href":"https:\/\/vilatransports.cat\/es\/wp-json\/wp\/v2\/posts\/1119","targetHints":{"allow":["GET"]}}],"collection":[{"href":"https:\/\/vilatransports.cat\/es\/wp-json\/wp\/v2\/posts"}],"about":[{"href":"https:\/\/vilatransports.cat\/es\/wp-json\/wp\/v2\/types\/post"}],"author":[{"embeddable":true,"href":"https:\/\/vilatransports.cat\/es\/wp-json\/wp\/v2\/users\/1"}],"replies":[{"embeddable":true,"href":"https:\/\/vilatransports.cat\/es\/wp-json\/wp\/v2\/comments?post=1119"}],"version-history":[{"count":0,"href":"https:\/\/vilatransports.cat\/es\/wp-json\/wp\/v2\/posts\/1119\/revisions"}],"wp:featuredmedia":[{"embeddable":true,"href":"https:\/\/vilatransports.cat\/es\/wp-json\/wp\/v2\/media\/1117"}],"wp:attachment":[{"href":"https:\/\/vilatransports.cat\/es\/wp-json\/wp\/v2\/media?parent=1119"}],"wp:term":[{"taxonomy":"category","embeddable":true,"href":"https:\/\/vilatransports.cat\/es\/wp-json\/wp\/v2\/categories?post=1119"},{"taxonomy":"post_tag","embeddable":true,"href":"https:\/\/vilatransports.cat\/es\/wp-json\/wp\/v2\/tags?post=1119"}],"curies":[{"name":"wp","href":"https:\/\/api.w.org\/{rel}","templated":true}]}}